{"id":12644,"date":"2023-06-20T17:37:36","date_gmt":"2023-06-20T17:37:36","guid":{"rendered":"https:\/\/lequia-udg.com\/2023\/06\/20\/el-congres-ecostp2023-posara-en-valor-les-aigues-residuals-en-temps-de-canvi-climatic-i-sequera\/"},"modified":"2024-06-10T17:12:19","modified_gmt":"2024-06-10T17:12:19","slug":"el-congres-ecostp2023-posara-en-valor-les-aigues-residuals-en-temps-de-canvi-climatic-i-sequera","status":"publish","type":"post","link":"https:\/\/lequia-udg.com\/ca\/2023\/06\/20\/el-congres-ecostp2023-posara-en-valor-les-aigues-residuals-en-temps-de-canvi-climatic-i-sequera\/","title":{"rendered":"El Congr\u00e9s ecoSTP2023 posar\u00e0 en valor les aig\u00fces residuals en temps de canvi clim\u00e0tic i sequera"},"content":{"rendered":"\t\t<div data-elementor-type=\"wp-post\" data-elementor-id=\"12644\" class=\"elementor elementor-12644 elementor-3810\" data-elementor-post-type=\"post\">\n\t\t\t\t\t\t<section class=\"elementor-section elementor-top-section elementor-element elementor-element-5aae80fb ts-col-stretched-none ts-bg-color-over-image elementor-section-boxed elementor-section-height-default elementor-section-height-default\" data-id=\"5aae80fb\" data-element_type=\"section\">\n\t\t\t\t\t\t<div class=\"elementor-container elementor-column-gap-default\">\n\t\t\t\t\t<div class=\"elementor-column elementor-col-100 elementor-top-column elementor-element elementor-element-4713c695 ts-bg-color-over-image\" data-id=\"4713c695\" data-element_type=\"column\">\n\t\t\t<div class=\"elementor-widget-wrap elementor-element-populated\">\n\t\t\t\t\t\t<div class=\"elementor-element elementor-element-397aec08 ts-align-left elementor-widget elementor-widget-ts_heading\" data-id=\"397aec08\" data-element_type=\"widget\" data-widget_type=\"ts_heading.default\">\n\t\t\t\t<div class=\"elementor-widget-container\">\n\t\t\t\t\t\t<div class=\"ts-heading-subheading ts-reverse-heading-yes animation-style4\"><h4 class=\"ts-custom-heading ts-custom-subtitle\">\r\n\t\t\t\r\n\t\t\t\tDate:20-06-2023                                                                                                                   \r\n\t\t\t\r\n\t\t\t<\/h4>\r\n\t\t<h2 class=\"ts-custom-heading ts-custom-heading-title\">\r\n\t\t\t\r\n\t\t\t\tThe ecoSTP2023 Congress will highlight the value of wastewater in times of climate change and drought\r\n\t\t\t\r\n\t\t\t<\/h2>\r\n\t\t<\/div>\t\t\t\t<\/div>\n\t\t\t\t<\/div>\n\t\t\t\t\t<\/div>\n\t\t<\/div>\n\t\t\t\t\t<\/div>\n\t\t<\/section>\n\t\t\t\t<section class=\"elementor-section elementor-top-section elementor-element elementor-element-5e39151f ts-col-stretched-none ts-bg-color-over-image elementor-section-boxed elementor-section-height-default elementor-section-height-default\" data-id=\"5e39151f\" data-element_type=\"section\">\n\t\t\t\t\t\t<div class=\"elementor-container elementor-column-gap-default\">\n\t\t\t\t\t<div class=\"elementor-column elementor-col-100 elementor-top-column elementor-element elementor-element-2310eb15 ts-bg-color-over-image\" data-id=\"2310eb15\" data-element_type=\"column\">\n\t\t\t<div class=\"elementor-widget-wrap elementor-element-populated\">\n\t\t\t\t\t\t<section class=\"elementor-section elementor-inner-section elementor-element elementor-element-37ecb4f3 ts-col-stretched-none ts-bg-color-over-image elementor-section-boxed elementor-section-height-default elementor-section-height-default\" data-id=\"37ecb4f3\" data-element_type=\"section\">\n\t\t\t\t\t\t<div class=\"elementor-container elementor-column-gap-default\">\n\t\t\t\t\t<div class=\"elementor-column elementor-col-33 elementor-inner-column elementor-element elementor-element-40bf48b7 ts-bg-color-over-image\" data-id=\"40bf48b7\" data-element_type=\"column\">\n\t\t\t<div class=\"elementor-widget-wrap elementor-element-populated\">\n\t\t\t\t\t\t<div class=\"elementor-element elementor-element-d1eddad elementor-widget elementor-widget-image\" data-id=\"d1eddad\" data-element_type=\"widget\" data-widget_type=\"image.default\">\n\t\t\t\t<div class=\"elementor-widget-container\">\n\t\t\t\t\t\t\t\t\t\t\t\t\t\t\t\t<a href=\"http:\/\/lequia-udg.com\/wp-content\/uploads\/2024\/01\/The-ecoSTP2023-Congress-will-highlight-the-value-of-wastewater-in-times-of-climate-change-and-drought.jpg\" data-elementor-open-lightbox=\"yes\" data-elementor-lightbox-title=\"The ecoSTP2023 Congress will highlight the value of wastewater in times of climate change and drought\" data-e-action-hash=\"#elementor-action%3Aaction%3Dlightbox%26settings%3DeyJpZCI6MzgxMiwidXJsIjoiaHR0cHM6XC9cL2xlcXVpYS11ZGcuY29tXC93cC1jb250ZW50XC91cGxvYWRzXC8yMDI0XC8wMVwvVGhlLWVjb1NUUDIwMjMtQ29uZ3Jlc3Mtd2lsbC1oaWdobGlnaHQtdGhlLXZhbHVlLW9mLXdhc3Rld2F0ZXItaW4tdGltZXMtb2YtY2xpbWF0ZS1jaGFuZ2UtYW5kLWRyb3VnaHQuanBnIn0%3D\">\n\t\t\t\t\t\t\t<img fetchpriority=\"high\" decoding=\"async\" width=\"300\" height=\"200\" src=\"https:\/\/lequia-udg.com\/wp-content\/uploads\/2024\/01\/The-ecoSTP2023-Congress-will-highlight-the-value-of-wastewater-in-times-of-climate-change-and-drought-300x200.jpg\" class=\"attachment-medium size-medium wp-image-3812\" alt=\"\" srcset=\"https:\/\/lequia-udg.com\/wp-content\/uploads\/2024\/01\/The-ecoSTP2023-Congress-will-highlight-the-value-of-wastewater-in-times-of-climate-change-and-drought-300x200.jpg 300w, https:\/\/lequia-udg.com\/wp-content\/uploads\/2024\/01\/The-ecoSTP2023-Congress-will-highlight-the-value-of-wastewater-in-times-of-climate-change-and-drought-768x512.jpg 768w, https:\/\/lequia-udg.com\/wp-content\/uploads\/2024\/01\/The-ecoSTP2023-Congress-will-highlight-the-value-of-wastewater-in-times-of-climate-change-and-drought.jpg 885w\" sizes=\"(max-width: 300px) 100vw, 300px\" \/>\t\t\t\t\t\t\t\t<\/a>\n\t\t\t\t\t\t\t\t\t\t\t\t\t\t\t<\/div>\n\t\t\t\t<\/div>\n\t\t\t\t\t<\/div>\n\t\t<\/div>\n\t\t\t\t<div class=\"elementor-column elementor-col-66 elementor-inner-column elementor-element elementor-element-5385825 ts-bg-color-over-image\" data-id=\"5385825\" data-element_type=\"column\">\n\t\t\t<div class=\"elementor-widget-wrap elementor-element-populated\">\n\t\t\t\t\t\t<div class=\"elementor-element elementor-element-3d5e76a4 elementor-widget elementor-widget-text-editor\" data-id=\"3d5e76a4\" data-element_type=\"widget\" data-widget_type=\"text-editor.default\">\n\t\t\t\t<div class=\"elementor-widget-container\">\n\t\t\t\t\t\t\t\t\t<ul>\n<li><strong>Del 26 al 29 de juny, Girona acollir\u00e0 la sisena edici\u00f3 el Congr\u00e9s Internacional ecoSTP2023 dedicat a les tecnologies sostenibles per al tractament d\u2019aig\u00fces residuals.<\/strong><\/li>\n<\/ul>\n<p><strong>\u00a0<\/strong><\/p>\n<ul>\n<li><strong>El Congr\u00e9s posar\u00e0 en valor les aig\u00fces residuals com a font d\u2019aigua regenerada i d\u2019altres recursos en el context actual marcat per la sequera i el canvi clim\u00e0tic.<\/strong><\/li>\n<\/ul>\n<p><strong>\u00a0<\/strong><\/p>\n<ul>\n<li><strong>L\u2019esdeveniment, organitzat per la Universitat de Girona i l\u2019Institut Catal\u00e0 de Recerca de l\u2019Aigua (ICRA-CERCA), aplegar\u00e0 m\u00e9s de 500 experts de tot el m\u00f3n i posicionar\u00e0 Girona com a <em>hub<\/em> de recerca referent en l\u2019\u00e0mbit de l\u2019aigua.<\/strong><\/li>\n<\/ul>\n<p><strong>\u00a0<\/strong><\/p>\n<p>La <a href=\"http:\/\/www.udg.edu\/\">Universitat de Girona<\/a> (UdG) i l\u2019<a href=\"http:\/\/www.icra.cat\/\">Institut Catal\u00e0 de Recerca de l\u2019Aigua<\/a> (ICRA-CERCA) organitzen la sisena edici\u00f3 del Congr\u00e9s Internacional EcoSTP en tecnologies sostenibles per al tractament ecol\u00f2gic d\u2019aig\u00fces residuals. L\u2019esdeveniment tindr\u00e0 lloc entre el 26 i el 29 de juny a la Facultat de Lletres de la UdG i al Palau de Congressos de Girona i aplegar\u00e0 m\u00e9s de 500 experts de tot el m\u00f3n. El programa inclou pon\u00e8ncies, cursos, tallers i visites t\u00e8cniques per a presentar i debatre els desenvolupaments m\u00e9s recents per al tractament, la reutilitzaci\u00f3 i la recuperaci\u00f3 de recursos d\u2019aig\u00fces residuals urbanes i industrials des d\u2019una perspectiva multidisciplin\u00e0ria.<\/p>\n<p><strong>\u00a0<\/strong><\/p>\n<p>A Catalunya, la sequera est\u00e0 destacant la import\u00e0ncia de l\u2019aigua regenerada, \u00e9s a dir, l\u2019aigua depurada que rep un tractament addicional i que es pot reutilitzar per a usos industrials, municipals, agr\u00edcoles i ambientals, aix\u00ed com per al reg de camps de golf i la rec\u00e0rrega d\u2019aq\u00fc\u00edfers. Tanmateix, sovint es desconeix que la tecnologia de regeneraci\u00f3 ja est\u00e0 disponible i que la comunitat cient\u00edfica fa temps que treballa per convertir les depuradores en veritables bio-refineries capaces de recuperar energia per escalfar i produir electricitat, nutrients per a fabricar fertilitzants, i altres recursos de valor afegit\u00a0 per a la ind\u00fastria.<\/p>\n<p>&nbsp;<\/p>\n<p>El Consorci d\u2019Aig\u00fces Costa Brava Girona, integrada per la Diputaci\u00f3 de Girona i 47 municipis del litoral i el prelitoral giron\u00ed i patrocinador principal de l\u2019esdeveniment, va ser precisament una de les institucions pioneres en el conjunt de l\u2019Estat espanyol, a finals de la d\u00e8cada dels vuitanta, a l\u2019hora de desenvolupar projectes de regeneraci\u00f3 i reutilitzaci\u00f3 d\u2019aig\u00fces.<\/p>\n<p>&nbsp;<\/p>\n<p>En aquest context, el Congr\u00e9s Internacional ecoSTP2023 presentar\u00e0 desenvolupaments innovadors en tecnologies que facin el proc\u00e9s de depuraci\u00f3 m\u00e9s sostenible, menys cost\u00f3s i m\u00e9s eficient, i tamb\u00e9 considerar\u00e0 els aspectes socioecon\u00f2mics que tant influeixen en la seva implantaci\u00f3 final. Ser\u00e0 un Congr\u00e9s amb una visi\u00f3 multidisciplin\u00e0ria i multisectorial, amb quatre dies de pon\u00e8ncies, tallers, cursos, visites t\u00e8cniques i taules rodones que giraran al voltant de temes tan diversos com s\u00f3n la recuperaci\u00f3 de nutrients, la digitalitzaci\u00f3, la percepci\u00f3 social de la reutilitzaci\u00f3, o les estacions depuradores com a elements d\u2019un sistema de vigil\u00e0ncia de pand\u00e8mies. A m\u00e9s, el congr\u00e9s compta amb la participaci\u00f3 de les\u00a0 empreses i institucions de l\u2019ecosistema innovador de l\u2019aigua, i pret\u00e9n implicar-hi la societat.<\/p>\n<p>&nbsp;<\/p>\n<p><strong>Un Congr\u00e9s que bat r\u00e8cords<\/strong><\/p>\n<p>El primer congr\u00e9s en tecnologies sostenibles per al tractament d\u2019aig\u00fces residuals va tenir lloc l\u2019any 2012 a Santiago de Compostel\u00b7la. D\u2019en\u00e7\u00e0 d\u2019aleshores, l\u2019inter\u00e8s de la ci\u00e8ncia per investigar i desenvolupar processos de depuraci\u00f3 d\u2019aig\u00fces m\u00e9s sostenibles no ha parat de cr\u00e9ixer, la qual cosa s\u2019ha reflectit en el nombre creixent de persones que han assistit a les edicions posteriors del Congr\u00e9s a Verona (It\u00e0lia), Cambridge (Regne Unit), London (Canad\u00e0) i, virtualment en plena pand\u00e8mia, a Mil\u00e0 (It\u00e0lia). Tot i aix\u00ed, no s\u2019havia arribat mai a la xifra de 400 congressistes. La present edici\u00f3 a Girona, amb gaireb\u00e9 500 participants de 45 pa\u00efsos diferents, bat tots els r\u00e8cords i expectatives.<\/p>\n<p>&nbsp;<\/p>\n<p>El conseller de Recerca i Universitats, Joaquim Nadal, inaugurar\u00e0 l\u2019ecoSTP2023 en un acte institucional que tindr\u00e0 lloc el dilluns 26 de juny, a les sis de la tarda, al Palau de Congressos de Girona. El programa inclou m\u00e9s de 170 pon\u00e8ncies orals i 220 presentacions tipus p\u00f2ster, amb ponents procedents en la seva major part de l\u2019\u00e0mbit acad\u00e8mic per\u00f2 tamb\u00e9 de la ind\u00fastria i de l\u2019administraci\u00f3 p\u00fablica. Les sessions plen\u00e0ries comptaran amb especialistes internacionals de renom com Zhiguo Yuan (Universitat de Hong Kong, Xina), Eva Mart\u00ednez (Isle Utilities, Gran Bretanya), Gustaf Olsson (Universitat de Lund, Su\u00e8cia) i Krishna Pagilla (Universitat de Nevada, Estats Units).<\/p>\n<p>&nbsp;<\/p>\n<p>El catedr\u00e0tic d\u2019enginyeria qu\u00edmica, investigador del grup de recerca LEQUIA i director de l\u2019Institut de Medi Ambient de la UdG, Ignasi Rodr\u00edguez-Roda, i la cap de l\u2019\u00c0rea de Tecnologies i Avaluaci\u00f3 (TiA) de l\u2019Institut Catal\u00e0 de Recerca de l\u2019Aigua (ICRA-CERCA), Maite Pijuan, impulsen la iniciativa. Tots dos representen dos grups de recerca i dues institucions amb una llarga traject\u00f2ria dedicada al sector de l\u2019aigua. Aquesta alian\u00e7a estrat\u00e8gica refor\u00e7a Girona com a <em>hub<\/em> de recerca en l\u2019\u00e0mbit de l\u2019aigua, i no seria possible sense l\u2019exist\u00e8ncia d\u2019un teixit empresarial consolidat al territori i sense el comprom\u00eds de les institucions. Aix\u00ed, el Cl\u00faster Catal\u00e0 de l\u2019Aigua (CWP), una de les associacions empresarials m\u00e9s importants del sector de l\u2019aigua, amb seu a la ciutat de Girona, i entitats com el Consorci d\u2019Aig\u00fces Costa Brava Girona, han esdevingut pioners i referents en el desenvolupament de projectes altament innovadors en el camp de l\u2019aigua.<\/p>\n<p>&nbsp;<\/p>\n<p><strong>Un Congr\u00e9s que mira cap a la societat<\/strong><\/p>\n<p>A m\u00e9s de ser un congr\u00e9s cient\u00edfic, la iniciativa tamb\u00e9 s\u2019acostar\u00e0 a l\u2019entorn i la societat. El comit\u00e8 organitzador ha programat una s\u00e8rie d\u2019activitats per portar la tem\u00e0tica del Congr\u00e9s a diversos col\u00b7lectius de les comarques gironines. El dia 27 de juny, investigadors de la UdG i de l\u2019ICRA-CERCA impartiran un seminari per a docents de secund\u00e0ria i t\u00e8cnics del sector de l\u2019aigua, al mateix Palau de Congressos. Les persones que hi participin tamb\u00e9 podran assistir a una sessi\u00f3 de presentaci\u00f3 de p\u00f2sters i interaccionar amb els ponents.<\/p>\n<p>&nbsp;<\/p>\n<p>El mateix dia, t\u00e8cnics de l\u2019Associaci\u00f3 La Sorellona oferiran un recorregut a peu per les actuacions de renaturalitzaci\u00f3 de la ciutat que es realitzaran en el marc del projecte GiroNat per aconseguir una Girona m\u00e9s verda i m\u00e9s saludable. El recorregut estar\u00e0 obert a tota la ciutadania i mostrar\u00e0 projectes de restauraci\u00f3 al riu Ter, de renaturalitzaci\u00f3 de basses i de patis escolars o de foment de la biodiversitat. Finalment, la UdG divulgar\u00e0 treballs de recerca de la UdG i de l\u2019ICRA-CERCA presentats al Congr\u00e9s en el marc del Campus PreBat i el Jove Campus de Recerca, dos programes adre\u00e7ats a estudiants de segon de batxillerat i de quart d\u2019ESO.<\/p>\n<p>&nbsp;<\/p>\n<p>Institucions i empreses internacionals i de l\u2019entorn contribueixen com a patrocinadores del Congr\u00e9s Internacional ecoSTP2023. El Consorci d\u2019Aig\u00fces Costa Brava Girona n&#8217;\u00e9s el patrocinador Plat\u00ed. Com a patrocinadors d\u2019Or, hi ha s::cann, Badger Meter, Isle Utilities, Aqualia, Consorci Bes\u00f2s Tordera, Fundaci\u00f3 Rivus i Hach. Finalment, els patrocinadors Plata s\u00f3n TELWESA, Aeris Tecnolog\u00edas Ambientales, Catalan Water Partnership (CWP), GS Inima, Royal Society of Chemistry, Createch i el Consell Social de la UdG. A m\u00e9s, el Congr\u00e9s compta amb la col\u00b7laboraci\u00f3 de la Generalitat de Catalunya, l&#8217;Ajuntament de Girona i la Fundaci\u00f3 Auditori Palau de Congressos de Girona.<\/p>\n<p>&nbsp;<\/p>\n<p>Foto: Els organitzadors del congr\u00e9s, Ignasi Rodriguez-Roda i Maite Pijuan, al Parc Cient\u00edfic i Tecnol\u00f2gic de la UdG<\/p>\n\t\t\t\t\t\t\t\t<\/div>\n\t\t\t\t<\/div>\n\t\t\t\t\t<\/div>\n\t\t<\/div>\n\t\t\t\t\t<\/div>\n\t\t<\/section>\n\t\t\t\t\t<\/div>\n\t\t<\/div>\n\t\t\t\t\t<\/div>\n\t\t<\/section>\n\t\t\t\t<section class=\"elementor-section elementor-top-section elementor-element elementor-element-27facc3c ts-col-stretched-none ts-bg-color-over-image elementor-section-boxed elementor-section-height-default elementor-section-height-default\" data-id=\"27facc3c\" data-element_type=\"section\">\n\t\t\t\t\t\t<div class=\"elementor-container elementor-column-gap-default\">\n\t\t\t\t\t<div class=\"elementor-column elementor-col-100 elementor-top-column elementor-element elementor-element-713b73cc ts-bg-color-over-image\" data-id=\"713b73cc\" data-element_type=\"column\">\n\t\t\t<div class=\"elementor-widget-wrap elementor-element-populated\">\n\t\t\t\t\t\t<div class=\"elementor-element elementor-element-451af0a5 elementor-widget elementor-widget-accordion\" data-id=\"451af0a5\" data-element_type=\"widget\" data-widget_type=\"accordion.default\">\n\t\t\t\t<div class=\"elementor-widget-container\">\n\t\t\t\t\t\t\t<div class=\"elementor-accordion\">\n\t\t\t\t\t\t\t<div class=\"elementor-accordion-item\">\n\t\t\t\t\t<div id=\"elementor-tab-title-1151\" class=\"elementor-tab-title\" data-tab=\"1\" role=\"button\" aria-controls=\"elementor-tab-content-1151\" aria-expanded=\"false\">\n\t\t\t\t\t\t\t\t\t\t\t\t\t<span class=\"elementor-accordion-icon elementor-accordion-icon-left\" aria-hidden=\"true\">\n\t\t\t\t\t\t\t\t\t\t\t\t\t\t\t<span class=\"elementor-accordion-icon-closed\"><i class=\"fas fa-plus\"><\/i><\/span>\n\t\t\t\t\t\t\t\t<span class=\"elementor-accordion-icon-opened\"><i class=\"fas fa-minus\"><\/i><\/span>\n\t\t\t\t\t\t\t\t\t\t\t\t\t\t<\/span>\n\t\t\t\t\t\t\t\t\t\t\t\t<a class=\"elementor-accordion-title\" tabindex=\"0\">Informaci\u00f3 addicional<\/a>\n\t\t\t\t\t<\/div>\n\t\t\t\t\t<div id=\"elementor-tab-content-1151\" class=\"elementor-tab-content elementor-clearfix\" data-tab=\"1\" role=\"region\" aria-labelledby=\"elementor-tab-title-1151\"><table style=\"border: hidden;\">\n<tbody>\n<tr style=\"border-bottom: 1px solid #efefef;\">\n<td align=\"right\" width=\"200\"><strong>Data:<\/strong><\/td>\n<td>2023-06-20<\/td>\n<\/tr>\n<\/tbody>\n<\/table>\n<\/div>\n\t\t\t\t<\/div>\n\t\t\t\t\t\t\t\t<\/div>\n\t\t\t\t\t\t<\/div>\n\t\t\t\t<\/div>\n\t\t\t\t<div class=\"elementor-element elementor-element-41c17bfe elementor-widget elementor-widget-spacer\" data-id=\"41c17bfe\" data-element_type=\"widget\" data-widget_type=\"spacer.default\">\n\t\t\t\t<div class=\"elementor-widget-container\">\n\t\t\t\t\t\t\t<div class=\"elementor-spacer\">\n\t\t\t<div class=\"elementor-spacer-inner\"><\/div>\n\t\t<\/div>\n\t\t\t\t\t\t<\/div>\n\t\t\t\t<\/div>\n\t\t\t\t\t<\/div>\n\t\t<\/div>\n\t\t\t\t\t<\/div>\n\t\t<\/section>\n\t\t\t\t<\/div>\n\t\t","protected":false},"excerpt":{"rendered":"<p>Date:20-06-2023 The ecoSTP2023 Congress will highlight the value of wastewater in times of climate change and drought Del 26 al 29 de juny, Girona acollir\u00e0 la sisena edici\u00f3 el Congr\u00e9s Internacional ecoSTP2023 dedicat a les tecnologies sostenibles per al tractament d\u2019aig\u00fces residuals. \u00a0 El Congr\u00e9s posar\u00e0 en valor les aig\u00fces residuals com a font d\u2019aigua &hellip; <a href=\"https:\/\/lequia-udg.com\/ca\/2023\/06\/20\/el-congres-ecostp2023-posara-en-valor-les-aigues-residuals-en-temps-de-canvi-climatic-i-sequera\/\" class=\"more-link\" title=\"Continue reading <span class=\"screen-reader-text\">El Congr\u00e9s ecoSTP2023 posar\u00e0 en valor les aig\u00fces residuals en temps de canvi clim\u00e0tic i sequera<\/span>&#8220;>Continue reading <span class=\"screen-reader-text\">El Congr\u00e9s ecoSTP2023 posar\u00e0 en valor les aig\u00fces residuals en temps de canvi clim\u00e0tic i sequera<\/span><\/a><\/p>\n","protected":false},"author":1,"featured_media":3812,"comment_status":"closed","ping_status":"open","sticky":false,"template":"elementor_header_footer","format":"standard","meta":{"footnotes":""},"categories":[70],"tags":[],"class_list":["post-12644","post","type-post","status-publish","format-standard","has-post-thumbnail","hentry","category-noticies-ca"],"_links":{"self":[{"href":"https:\/\/lequia-udg.com\/ca\/wp-json\/wp\/v2\/posts\/12644","targetHints":{"allow":["GET"]}}],"collection":[{"href":"https:\/\/lequia-udg.com\/ca\/wp-json\/wp\/v2\/posts"}],"about":[{"href":"https:\/\/lequia-udg.com\/ca\/wp-json\/wp\/v2\/types\/post"}],"author":[{"embeddable":true,"href":"https:\/\/lequia-udg.com\/ca\/wp-json\/wp\/v2\/users\/1"}],"replies":[{"embeddable":true,"href":"https:\/\/lequia-udg.com\/ca\/wp-json\/wp\/v2\/comments?post=12644"}],"version-history":[{"count":1,"href":"https:\/\/lequia-udg.com\/ca\/wp-json\/wp\/v2\/posts\/12644\/revisions"}],"predecessor-version":[{"id":12645,"href":"https:\/\/lequia-udg.com\/ca\/wp-json\/wp\/v2\/posts\/12644\/revisions\/12645"}],"wp:featuredmedia":[{"embeddable":true,"href":"https:\/\/lequia-udg.com\/ca\/wp-json\/wp\/v2\/media\/3812"}],"wp:attachment":[{"href":"https:\/\/lequia-udg.com\/ca\/wp-json\/wp\/v2\/media?parent=12644"}],"wp:term":[{"taxonomy":"category","embeddable":true,"href":"https:\/\/lequia-udg.com\/ca\/wp-json\/wp\/v2\/categories?post=12644"},{"taxonomy":"post_tag","embeddable":true,"href":"https:\/\/lequia-udg.com\/ca\/wp-json\/wp\/v2\/tags?post=12644"}],"curies":[{"name":"wp","href":"https:\/\/api.w.org\/{rel}","templated":true}]}}