{"id":13208,"date":"2024-07-15T14:26:39","date_gmt":"2024-07-15T14:26:39","guid":{"rendered":"https:\/\/lequia-udg.com\/2024\/07\/15\/un-nou-turisme-per-a-un-nou-escenari\/"},"modified":"2024-07-15T14:43:23","modified_gmt":"2024-07-15T14:43:23","slug":"un-nou-turisme-per-a-un-nou-escenari","status":"publish","type":"post","link":"https:\/\/lequia-udg.com\/ca\/2024\/07\/15\/un-nou-turisme-per-a-un-nou-escenari\/","title":{"rendered":"Un nou turisme per a un nou escenari"},"content":{"rendered":"\t\t<div data-elementor-type=\"wp-post\" data-elementor-id=\"13208\" class=\"elementor elementor-13208 elementor-13197\" data-elementor-post-type=\"post\">\n\t\t\t\t\t\t<section class=\"elementor-section elementor-top-section elementor-element elementor-element-178f02c ts-col-stretched-none ts-bg-color-over-image elementor-section-boxed elementor-section-height-default elementor-section-height-default\" data-id=\"178f02c\" data-element_type=\"section\">\n\t\t\t\t\t\t<div class=\"elementor-container elementor-column-gap-default\">\n\t\t\t\t\t<div class=\"elementor-column elementor-col-100 elementor-top-column elementor-element elementor-element-4387ae45 ts-bg-color-over-image\" data-id=\"4387ae45\" data-element_type=\"column\">\n\t\t\t<div class=\"elementor-widget-wrap elementor-element-populated\">\n\t\t\t\t\t\t<div class=\"elementor-element elementor-element-22939961 ts-align-left elementor-widget elementor-widget-ts_heading\" data-id=\"22939961\" data-element_type=\"widget\" data-widget_type=\"ts_heading.default\">\n\t\t\t\t<div class=\"elementor-widget-container\">\n\t\t\t\t\t\t<div class=\"ts-heading-subheading  animation-style4\"><h2 class=\"ts-custom-heading ts-custom-heading-title\">\r\n\t\t\t\r\n\t\t\t\tUn nou turisme per a un nou escenari\r\n\t\t\t\r\n\t\t\t<\/h2>\r\n\t\t<\/div>\t\t\t\t<\/div>\n\t\t\t\t<\/div>\n\t\t\t\t\t<\/div>\n\t\t<\/div>\n\t\t\t\t\t<\/div>\n\t\t<\/section>\n\t\t\t\t<section class=\"elementor-section elementor-top-section elementor-element elementor-element-24d3de50 ts-col-stretched-none ts-bg-color-over-image elementor-section-boxed elementor-section-height-default elementor-section-height-default\" data-id=\"24d3de50\" data-element_type=\"section\">\n\t\t\t\t\t\t<div class=\"elementor-container elementor-column-gap-default\">\n\t\t\t\t\t<div class=\"elementor-column elementor-col-100 elementor-top-column elementor-element elementor-element-7d4cdc73 ts-bg-color-over-image\" data-id=\"7d4cdc73\" data-element_type=\"column\">\n\t\t\t<div class=\"elementor-widget-wrap elementor-element-populated\">\n\t\t\t\t\t\t<section class=\"elementor-section elementor-inner-section elementor-element elementor-element-d50c8f ts-col-stretched-none ts-bg-color-over-image elementor-section-boxed elementor-section-height-default elementor-section-height-default\" data-id=\"d50c8f\" data-element_type=\"section\">\n\t\t\t\t\t\t<div class=\"elementor-container elementor-column-gap-default\">\n\t\t\t\t\t<div class=\"elementor-column elementor-col-33 elementor-inner-column elementor-element elementor-element-290e260e ts-bg-color-over-image\" data-id=\"290e260e\" data-element_type=\"column\">\n\t\t\t<div class=\"elementor-widget-wrap elementor-element-populated\">\n\t\t\t\t\t\t<div class=\"elementor-element elementor-element-64d5ceb0 elementor-widget-tablet__width-initial elementor-widget elementor-widget-image\" data-id=\"64d5ceb0\" data-element_type=\"widget\" data-widget_type=\"image.default\">\n\t\t\t\t<div class=\"elementor-widget-container\">\n\t\t\t\t\t\t\t\t\t\t\t\t\t\t\t<img fetchpriority=\"high\" decoding=\"async\" width=\"300\" height=\"445\" src=\"https:\/\/lequia-udg.com\/wp-content\/uploads\/2024\/07\/Llibre_turisme.jpg\" class=\"attachment-medium_large size-medium_large wp-image-13199\" alt=\"\" srcset=\"https:\/\/lequia-udg.com\/wp-content\/uploads\/2024\/07\/Llibre_turisme.jpg 300w, https:\/\/lequia-udg.com\/wp-content\/uploads\/2024\/07\/Llibre_turisme-202x300.jpg 202w\" sizes=\"(max-width: 300px) 100vw, 300px\" \/>\t\t\t\t\t\t\t\t\t\t\t\t\t\t\t<\/div>\n\t\t\t\t<\/div>\n\t\t\t\t\t<\/div>\n\t\t<\/div>\n\t\t\t\t<div class=\"elementor-column elementor-col-66 elementor-inner-column elementor-element elementor-element-5caf1a6b ts-bg-color-over-image\" data-id=\"5caf1a6b\" data-element_type=\"column\">\n\t\t\t<div class=\"elementor-widget-wrap elementor-element-populated\">\n\t\t\t\t\t\t<div class=\"elementor-element elementor-element-5b1587c1 elementor-widget-tablet__width-initial elementor-widget elementor-widget-text-editor\" data-id=\"5b1587c1\" data-element_type=\"widget\" data-widget_type=\"text-editor.default\">\n\t\t\t\t<div class=\"elementor-widget-container\">\n\t\t\t\t\t\t\t\t\t<p>El llibre mostra alguns dels fragments que recomposaran el nou escenari tur\u00edstic del pa\u00eds. El fil conductor dels cap\u00edtols \u00e9s la tensi\u00f3 i la dial\u00e8ctica entre oposats, el que configura un context extremadament complex i inestable: la relaci\u00f3 entre oci i treball, la frontera entre turisme i mobilitat, el di\u00e0leg entre el paisatge i el turisme, la relaci\u00f3 entre vulnerabilitat i innovaci\u00f3, la normativa pragm\u00e0tica versus la norm\u00e0tica de car\u00e0cter hol\u00edstic, la tensi\u00f3 entre representaci\u00f3 i realitat o la capacitat d\u2019adaptaci\u00f3 a un escenari clim\u00e0tic nou. M\u00e9s que un futur probable, aquest joc inestable entre oposats dibuixa molts itineraris possibles, d\u2019acord amb les decisions p\u00fabliques i privades en el futur. Al capadavall, el nou escenari tur\u00edstic \u00e9s un excel\u00b7lent mirador des del qual prendre el pols als canvis socials, econ\u00f2mics, tecnol\u00f2gics, jur\u00eddics i ambientals als quals haur\u00e0 de fer front el pa\u00eds en els propers anys.<\/p>\n\t\t\t\t\t\t\t\t<\/div>\n\t\t\t\t<\/div>\n\t\t\t\t\t<\/div>\n\t\t<\/div>\n\t\t\t\t\t<\/div>\n\t\t<\/section>\n\t\t\t\t\t<\/div>\n\t\t<\/div>\n\t\t\t\t\t<\/div>\n\t\t<\/section>\n\t\t\t\t<section class=\"elementor-section elementor-top-section elementor-element elementor-element-17aa638c ts-col-stretched-none ts-bg-color-over-image elementor-section-boxed elementor-section-height-default elementor-section-height-default\" data-id=\"17aa638c\" data-element_type=\"section\">\n\t\t\t\t\t\t<div class=\"elementor-container elementor-column-gap-default\">\n\t\t\t\t\t<div class=\"elementor-column elementor-col-100 elementor-top-column elementor-element elementor-element-6fe2eee9 ts-bg-color-over-image\" data-id=\"6fe2eee9\" data-element_type=\"column\">\n\t\t\t<div class=\"elementor-widget-wrap elementor-element-populated\">\n\t\t\t\t\t\t<div class=\"elementor-element elementor-element-4b99b67f elementor-widget elementor-widget-accordion\" data-id=\"4b99b67f\" data-element_type=\"widget\" data-widget_type=\"accordion.default\">\n\t\t\t\t<div class=\"elementor-widget-container\">\n\t\t\t\t\t\t\t<div class=\"elementor-accordion\">\n\t\t\t\t\t\t\t<div class=\"elementor-accordion-item\">\n\t\t\t\t\t<div id=\"elementor-tab-title-1261\" class=\"elementor-tab-title\" data-tab=\"1\" role=\"button\" aria-controls=\"elementor-tab-content-1261\" aria-expanded=\"false\">\n\t\t\t\t\t\t\t\t\t\t\t\t\t<span class=\"elementor-accordion-icon elementor-accordion-icon-left\" aria-hidden=\"true\">\n\t\t\t\t\t\t\t\t\t\t\t\t\t\t\t<span class=\"elementor-accordion-icon-closed\"><i class=\"fas fa-plus\"><\/i><\/span>\n\t\t\t\t\t\t\t\t<span class=\"elementor-accordion-icon-opened\"><i class=\"fas fa-minus\"><\/i><\/span>\n\t\t\t\t\t\t\t\t\t\t\t\t\t\t<\/span>\n\t\t\t\t\t\t\t\t\t\t\t\t<a class=\"elementor-accordion-title\" tabindex=\"0\">Informaci\u00f3 addicional<\/a>\n\t\t\t\t\t<\/div>\n\t\t\t\t\t<div id=\"elementor-tab-content-1261\" class=\"elementor-tab-content elementor-clearfix\" data-tab=\"1\" role=\"region\" aria-labelledby=\"elementor-tab-title-1261\"><table style=\"border: hidden;\">\n<tbody>\n<tr style=\"border-bottom: 1px solid #efefef;\">\n<td align=\"right\" width=\"200\"><strong>Any:<\/strong><\/td>\n<td>2024<\/td>\n<\/tr>\n<tr style=\"border-bottom: 1px solid #efefef;\">\n<td align=\"right\" width=\"200\"><strong>Autors:<\/strong><\/td>\n<td>Jos\u00e9 A. Donaire (ed.), Manuel Poch (ed.), Josep M. Aguirre i Font, Juan Antonio Duro, M. Bel\u00e9n G\u00f3mez-Mart\u00edn, Fabiola Mancinelli, Pere Sala i Mart\u00ed<\/td>\n<\/tr>\n<tr style=\"border-bottom: 1px solid #efefef;\">\n<td align=\"right\" width=\"200\"><strong>Refer\u00e8ncia:<\/strong><\/td>\n<td>Generalitat de Catalunya, Col\u00b7lecci\u00f3 de l&#8217;Institut d&#8217;Estudis de l&#8217;Autogobern, 18, ISBN 9788410144699<\/td>\n<\/tr>\n<tr style=\"border-bottom: 1px solid #efefef;\">\n<td align=\"right\" width=\"200\"><strong>Enlla\u00e7:<\/strong><\/td>\n<td><a href=\"https:\/\/presidencia.gencat.cat\/ca\/ambits_d_actuacio\/desenvolupament_autogovern\/institut-destudis-autogovern\/publicacions\/novetats-editorials\/detall\/ieag18\" target=\"_blank\" rel=\"noopener\">ieag18. Departament de la Presid\u00e8ncia (gencat.cat)<\/a><\/td>\n<\/tr>\n<tr style=\"border-bottom: 1px solid #efefef;\">\n<td align=\"right\" width=\"200\"><strong><br \/>\n<i class=\"fa fa-file-pdf-o\" aria-hidden=\"true\"><br \/>\n<\/i> Desc\u00e0rrega:<\/strong><\/td>\n<td><a href=\"https:\/\/presidencia.gencat.cat\/web\/.content\/ambits_actuacio\/desenvolupament_autogovern\/iea\/publicacions\/01_IEAg\/IEAg_arxius-i-vincles\/IEAG_18web.pdf\" target=\"_blank\" rel=\"noopener\">https:\/\/presidencia.gencat.cat\/web\/.content\/ambits_actuacio\/desenvolupament_autogovern\/iea\/publicacions\/01_IEAg\/IEAg_arxius-i-vincles\/IEAG_18web.pdf<\/a><\/td>\n<\/tr>\n<\/tbody>\n<\/table>\n<\/div>\n\t\t\t\t<\/div>\n\t\t\t\t\t\t\t\t<\/div>\n\t\t\t\t\t\t<\/div>\n\t\t\t\t<\/div>\n\t\t\t\t<div class=\"elementor-element elementor-element-3d633c0 elementor-widget elementor-widget-spacer\" data-id=\"3d633c0\" data-element_type=\"widget\" data-widget_type=\"spacer.default\">\n\t\t\t\t<div class=\"elementor-widget-container\">\n\t\t\t\t\t\t\t<div class=\"elementor-spacer\">\n\t\t\t<div class=\"elementor-spacer-inner\"><\/div>\n\t\t<\/div>\n\t\t\t\t\t\t<\/div>\n\t\t\t\t<\/div>\n\t\t\t\t\t<\/div>\n\t\t<\/div>\n\t\t\t\t\t<\/div>\n\t\t<\/section>\n\t\t\t\t<\/div>\n\t\t","protected":false},"excerpt":{"rendered":"<p>Un nou turisme per a un nou escenari El llibre mostra alguns dels fragments que recomposaran el nou escenari tur\u00edstic del pa\u00eds. El fil conductor dels cap\u00edtols \u00e9s la tensi\u00f3 i la dial\u00e8ctica entre oposats, el que configura un context extremadament complex i inestable: la relaci\u00f3 entre oci i treball, la frontera entre turisme i &hellip; <a href=\"https:\/\/lequia-udg.com\/ca\/2024\/07\/15\/un-nou-turisme-per-a-un-nou-escenari\/\" class=\"more-link\" title=\"Continue reading <span class=\"screen-reader-text\">Un nou turisme per a un nou escenari<\/span>&#8220;>Continue reading <span class=\"screen-reader-text\">Un nou turisme per a un nou escenari<\/span><\/a><\/p>\n","protected":false},"author":1,"featured_media":13199,"comment_status":"closed","ping_status":"open","sticky":false,"template":"elementor_header_footer","format":"standard","meta":{"footnotes":""},"categories":[67],"tags":[],"class_list":["post-13208","post","type-post","status-publish","format-standard","has-post-thumbnail","hentry","category-books-ca"],"_links":{"self":[{"href":"https:\/\/lequia-udg.com\/ca\/wp-json\/wp\/v2\/posts\/13208","targetHints":{"allow":["GET"]}}],"collection":[{"href":"https:\/\/lequia-udg.com\/ca\/wp-json\/wp\/v2\/posts"}],"about":[{"href":"https:\/\/lequia-udg.com\/ca\/wp-json\/wp\/v2\/types\/post"}],"author":[{"embeddable":true,"href":"https:\/\/lequia-udg.com\/ca\/wp-json\/wp\/v2\/users\/1"}],"replies":[{"embeddable":true,"href":"https:\/\/lequia-udg.com\/ca\/wp-json\/wp\/v2\/comments?post=13208"}],"version-history":[{"count":1,"href":"https:\/\/lequia-udg.com\/ca\/wp-json\/wp\/v2\/posts\/13208\/revisions"}],"predecessor-version":[{"id":13209,"href":"https:\/\/lequia-udg.com\/ca\/wp-json\/wp\/v2\/posts\/13208\/revisions\/13209"}],"wp:featuredmedia":[{"embeddable":true,"href":"https:\/\/lequia-udg.com\/ca\/wp-json\/wp\/v2\/media\/13199"}],"wp:attachment":[{"href":"https:\/\/lequia-udg.com\/ca\/wp-json\/wp\/v2\/media?parent=13208"}],"wp:term":[{"taxonomy":"category","embeddable":true,"href":"https:\/\/lequia-udg.com\/ca\/wp-json\/wp\/v2\/categories?post=13208"},{"taxonomy":"post_tag","embeddable":true,"href":"https:\/\/lequia-udg.com\/ca\/wp-json\/wp\/v2\/tags?post=13208"}],"curies":[{"name":"wp","href":"https:\/\/api.w.org\/{rel}","templated":true}]}}