{"id":13671,"date":"2024-11-19T09:44:57","date_gmt":"2024-11-19T09:44:57","guid":{"rendered":"https:\/\/lequia-udg.com\/2024\/11\/19\/el-lequia-celebra-el-seu-trente-aniversari-amb-una-jornada-sobre-la-sequera\/"},"modified":"2024-12-16T09:52:07","modified_gmt":"2024-12-16T09:52:07","slug":"el-lequia-celebra-el-seu-trente-aniversari-amb-una-jornada-sobre-la-sequera","status":"publish","type":"post","link":"https:\/\/lequia-udg.com\/ca\/2024\/11\/19\/el-lequia-celebra-el-seu-trente-aniversari-amb-una-jornada-sobre-la-sequera\/","title":{"rendered":"El LEQUIA celebra el seu trent\u00e8 aniversari amb una jornada sobre la sequera"},"content":{"rendered":"\t\t<div data-elementor-type=\"wp-post\" data-elementor-id=\"13671\" class=\"elementor elementor-13671 elementor-13660\" data-elementor-post-type=\"post\">\n\t\t\t\t\t\t<section class=\"elementor-section elementor-top-section elementor-element elementor-element-121c54d5 ts-col-stretched-none ts-bg-color-over-image elementor-section-boxed elementor-section-height-default elementor-section-height-default\" data-id=\"121c54d5\" data-element_type=\"section\">\n\t\t\t\t\t\t<div class=\"elementor-container elementor-column-gap-default\">\n\t\t\t\t\t<div class=\"elementor-column elementor-col-100 elementor-top-column elementor-element elementor-element-2cde785a ts-bg-color-over-image\" data-id=\"2cde785a\" data-element_type=\"column\">\n\t\t\t<div class=\"elementor-widget-wrap elementor-element-populated\">\n\t\t\t\t\t\t<div class=\"elementor-element elementor-element-549b14fc ts-align-left elementor-widget elementor-widget-ts_heading\" data-id=\"549b14fc\" data-element_type=\"widget\" data-widget_type=\"ts_heading.default\">\n\t\t\t\t<div class=\"elementor-widget-container\">\n\t\t\t\t\t\t<div class=\"ts-heading-subheading ts-reverse-heading-yes animation-style4\"><h4 class=\"ts-custom-heading ts-custom-subtitle\">\r\n\t\t\t\r\n\t\t\t\tDATA: 19\/11\/2024                                                                                                                \r\n\t\t\t\r\n\t\t\t<\/h4>\r\n\t\t<h2 class=\"ts-custom-heading ts-custom-heading-title\">\r\n\t\t\t\r\n\t\t\t\tEl LEQUIA celebra el seu trent\u00e8 aniversari amb una jornada sobre la sequera\r\n\t\t\t\r\n\t\t\t<\/h2>\r\n\t\t<\/div>\t\t\t\t<\/div>\n\t\t\t\t<\/div>\n\t\t\t\t\t<\/div>\n\t\t<\/div>\n\t\t\t\t\t<\/div>\n\t\t<\/section>\n\t\t\t\t<section class=\"elementor-section elementor-top-section elementor-element elementor-element-25cd9a8d ts-col-stretched-none ts-bg-color-over-image elementor-section-boxed elementor-section-height-default elementor-section-height-default\" data-id=\"25cd9a8d\" data-element_type=\"section\">\n\t\t\t\t\t\t<div class=\"elementor-container elementor-column-gap-default\">\n\t\t\t\t\t<div class=\"elementor-column elementor-col-100 elementor-top-column elementor-element elementor-element-21d43f78 ts-bg-color-over-image\" data-id=\"21d43f78\" data-element_type=\"column\">\n\t\t\t<div class=\"elementor-widget-wrap elementor-element-populated\">\n\t\t\t\t\t\t<section class=\"elementor-section elementor-inner-section elementor-element elementor-element-6273862c ts-col-stretched-none ts-bg-color-over-image elementor-section-boxed elementor-section-height-default elementor-section-height-default\" data-id=\"6273862c\" data-element_type=\"section\">\n\t\t\t\t\t\t<div class=\"elementor-container elementor-column-gap-default\">\n\t\t\t\t\t<div class=\"elementor-column elementor-col-33 elementor-inner-column elementor-element elementor-element-2310c85d ts-bg-color-over-image\" data-id=\"2310c85d\" data-element_type=\"column\">\n\t\t\t<div class=\"elementor-widget-wrap elementor-element-populated\">\n\t\t\t\t\t\t<div class=\"elementor-element elementor-element-767a6620 elementor-widget elementor-widget-image\" data-id=\"767a6620\" data-element_type=\"widget\" data-widget_type=\"image.default\">\n\t\t\t\t<div class=\"elementor-widget-container\">\n\t\t\t\t\t\t\t\t\t\t\t\t\t\t\t\t<a href=\"http:\/\/lequia-udg.com\/wp-content\/uploads\/2024\/11\/VForumLEQUIA-Foto1-web.jpg\" data-elementor-open-lightbox=\"yes\" data-elementor-lightbox-title=\"VF\u00f2rumLEQUIA-Foto1-web\" data-e-action-hash=\"#elementor-action%3Aaction%3Dlightbox%26settings%3DeyJpZCI6MTM2NjIsInVybCI6Imh0dHBzOlwvXC9sZXF1aWEtdWRnLmNvbVwvd3AtY29udGVudFwvdXBsb2Fkc1wvMjAyNFwvMTFcL1ZGb3J1bUxFUVVJQS1Gb3RvMS13ZWIuanBnIn0%3D\">\n\t\t\t\t\t\t\t<img fetchpriority=\"high\" decoding=\"async\" width=\"300\" height=\"225\" src=\"https:\/\/lequia-udg.com\/wp-content\/uploads\/2024\/11\/VForumLEQUIA-Foto1-web-300x225.jpg\" class=\"attachment-medium size-medium wp-image-13662\" alt=\"\" srcset=\"https:\/\/lequia-udg.com\/wp-content\/uploads\/2024\/11\/VForumLEQUIA-Foto1-web-300x225.jpg 300w, https:\/\/lequia-udg.com\/wp-content\/uploads\/2024\/11\/VForumLEQUIA-Foto1-web.jpg 600w\" sizes=\"(max-width: 300px) 100vw, 300px\" \/>\t\t\t\t\t\t\t\t<\/a>\n\t\t\t\t\t\t\t\t\t\t\t\t\t\t\t<\/div>\n\t\t\t\t<\/div>\n\t\t\t\t<div class=\"elementor-element elementor-element-6432c486 elementor-widget elementor-widget-text-editor\" data-id=\"6432c486\" data-element_type=\"widget\" data-widget_type=\"text-editor.default\">\n\t\t\t\t<div class=\"elementor-widget-container\">\n\t\t\t\t\t\t\t\t\t<p>L\u2019esdeveniment, que va tenir lloc al Parc de Recerca i d\u2019Innovaci\u00f3 de la Universitat de Girona (UdG), va aplegar m\u00e9s de 120 professionals del sector de l\u2019aigua.<\/p>\n<p><a href=\"https:\/\/lequia-udg.com\/2024\/10\/07\/v-forum-lequia\/\" target=\"_blank\" rel=\"noopener\">http:\/\/Programa i pon\u00e8ncies<\/a><\/p>\n<p>\u00a0<\/p>\n\t\t\t\t\t\t\t\t<\/div>\n\t\t\t\t<\/div>\n\t\t\t\t\t<\/div>\n\t\t<\/div>\n\t\t\t\t<div class=\"elementor-column elementor-col-66 elementor-inner-column elementor-element elementor-element-47749200 ts-bg-color-over-image\" data-id=\"47749200\" data-element_type=\"column\">\n\t\t\t<div class=\"elementor-widget-wrap elementor-element-populated\">\n\t\t\t\t\t\t<div class=\"elementor-element elementor-element-213cf7af elementor-widget elementor-widget-text-editor\" data-id=\"213cf7af\" data-element_type=\"widget\" data-widget_type=\"text-editor.default\">\n\t\t\t\t<div class=\"elementor-widget-container\">\n\t\t\t\t\t\t\t\t\t<p>El grup de recerca Laboratori d\u2019Enginyeria Qu\u00edmica i Ambiental (LEQUIA) de la Universitat de Girona (UdG) ha celebrat el seu trent\u00e8 aniversari amb una jornada dedicada a presentar solucions tecnol\u00f2giques i circulars per la sequera. L\u2019esdeveniment, que va tenir lloc al Parc de Recerca i d\u2019Innovaci\u00f3 de la UdG el divendres 8 de novembre, va aplegar m\u00e9s de 120 professionals de l\u2019\u00e0mbit de l\u2019aigua, tant del sector acad\u00e8mic com empresarial i de l\u2019Administraci\u00f3.<\/p>\n<p>El vicerector de Qualitat i Transpar\u00e8ncia de la UdG, Pepus Daunis, va ser l\u2019encarregat d\u2019inaugurar el V F\u00f2rum LEQUIA, que va incloure una pon\u00e8ncia de Manel Garrido, enginyer associat de Brown &amp; Caldwell (USA); diverses presentacions d\u2019investigadors del LEQUIA; i una taula rodona sobre nous perfils professionals al sector de l\u2019aigua moderada per Xavier Amores, director del Catalan Water Partnership. D\u2019altra banda, Maria Dolors Balaguer, l\u2019actual directora del LEQUIA, i Miquel Rigola, un dels seus fundadors, van fer un recorregut molt emotiu per la hist\u00f2ria del grup a l\u2019inici i al final de la jornada, amb una relaci\u00f3 de les fites cient\u00edfiques assolides i tamb\u00e9 de les an\u00e8cdotes m\u00e9s personals.<\/p>\n<p>La pon\u00e8ncia de Manel Garrido sobre experi\u00e8ncies de gesti\u00f3 de la sequera als Estats Units va esperonar el debat i la reflexi\u00f3. Garrido, doctorat al LEQUIA, per\u00f2 amb una llarga experi\u00e8ncia acad\u00e8mica i professional als Estats Units, va parlar sobre estalvi d\u2019aigua, dessalinitzaci\u00f3 i reutilitzaci\u00f3 directa. Un ventall d\u2019estrat\u00e8gies per afrontar episodis extrems com la \u201cmegasequera\u201d de Calif\u00f2rnia i que, en alguns estats americans, van comportar la introducci\u00f3 de canvis en la legislaci\u00f3. Al final de la seva intervenci\u00f3, va parlar d\u2019una alternativa sovint poc explotada: la descentralitzaci\u00f3 del cicle urb\u00e0 de l\u2019aigua.<\/p>\n<p>Tot seguit, Manel Poch va introduir la recerca de diversos investigadors del LEQUIA que van presentar projectes destinats a incrementar la resili\u00e8ncia i la sostenibilitat del cicle urb\u00e0 de l\u2019aigua. En el primer bloc, H\u00e8ctor\u00a0Moncl\u00fas va explicar com la intel\u00b7lig\u00e8ncia artificial pot optimitzar la captaci\u00f3, potabilitzaci\u00f3 i distribuci\u00f3 de l\u2019aigua; Ignasi Rodriguez-Roda\u00a0va parlar de la import\u00e0ncia de la ciber-seguretat de les infraestructures h\u00eddriques; i Maria Mart\u00edn sobre com la UdG ha aconseguit reduir de manera significativa el seu consum d\u2019aigua.<\/p>\n<p>En el segon bloc, dedicat a nous processos, Jes\u00fas Colprim va presentar la seva recerca per recuperar i valoritzar els nutrients continguts en les aig\u00fces residuals; Sebasti\u00e0 Puig, de com es pot tractar aigua subterr\u00e0nia contaminada amb nitrats per mitj\u00e0 de l\u2019electro-bioremediaci\u00f3; i Joaquim Comas va presentar exemples de solucions basades en la natura per millorar la gesti\u00f3 del cicle\u00a0urb\u00e0 de l\u2019aigua, algunes implementades a la ciutat de Girona.<\/p>\n<p>Finalment, Xavier Amores, director del Catalan Water Partnership, va moderar una taula rodona sobre nous perfils professionals en l\u2019\u00e0mbit de l\u2019aigua que va corroborar la import\u00e0ncia de la recerca i de l\u2019adaptaci\u00f3 als canvis. Tots els membres eren professionals destacats del sector que havien realitzat la seva tesi doctoral al LEQUIA:\u00a0Jordi Gabarr\u00f3,\u00a0director de TELWESA;\u00a0Montse Mart\u00ednez, coordinadora d\u2019R+D+I a Aquatec (grup Agbar); N\u00faria Vidal, responsable de medi ambient a AGG Pharma Chemicals Europe; i Pau Prat, consultor internacional en temes d\u2019aigua a Ramboll.<\/p>\n<p>\u00a0<\/p>\n<p><strong>Sobre el F\u00f2rum LEQUIA<\/strong><\/p>\n<p>La jornada \u00e9s la cinquena edici\u00f3 del F\u00f2rum LEQUIA, una iniciativa per debatre reptes socials i mediambientals d\u2019inter\u00e8s, i per donar a con\u00e8ixer les tecnologies desenvolupades a la universitat a diversos tipus de p\u00fablics. \u00a0L\u2019inter\u00e8s social del tema tractat \u2013 la sequera \u2013 i el fet que coincid\u00eds amb el trent\u00e8 aniversari del grup, van fer que m\u00e9s de 120 persones assistissin a l\u2019esdeveniment. Una xifra que consolida la iniciativa i fa pal\u00e8s l\u2019inter\u00e8s de la ind\u00fastria i l\u2019Administraci\u00f3 per con\u00e8ixer de prop la recerca universit\u00e0ria en l\u2019\u00e0mbit de l\u2019aigua.<\/p>\n\t\t\t\t\t\t\t\t<\/div>\n\t\t\t\t<\/div>\n\t\t\t\t\t<\/div>\n\t\t<\/div>\n\t\t\t\t\t<\/div>\n\t\t<\/section>\n\t\t\t\t\t<\/div>\n\t\t<\/div>\n\t\t\t\t\t<\/div>\n\t\t<\/section>\n\t\t\t\t<\/div>\n\t\t","protected":false},"excerpt":{"rendered":"<p>DATA: 19\/11\/2024 El LEQUIA celebra el seu trent\u00e8 aniversari amb una jornada sobre la sequera L\u2019esdeveniment, que va tenir lloc al Parc de Recerca i d\u2019Innovaci\u00f3 de la Universitat de Girona (UdG), va aplegar m\u00e9s de 120 professionals del sector de l\u2019aigua. http:\/\/Programa i pon\u00e8ncies \u00a0 El grup de recerca Laboratori d\u2019Enginyeria Qu\u00edmica i Ambiental &hellip; <a href=\"https:\/\/lequia-udg.com\/ca\/2024\/11\/19\/el-lequia-celebra-el-seu-trente-aniversari-amb-una-jornada-sobre-la-sequera\/\" class=\"more-link\" title=\"Continue reading <span class=\"screen-reader-text\">El LEQUIA celebra el seu trent\u00e8 aniversari amb una jornada sobre la sequera<\/span>&#8220;>Continue reading <span class=\"screen-reader-text\">El LEQUIA celebra el seu trent\u00e8 aniversari amb una jornada sobre la sequera<\/span><\/a><\/p>\n","protected":false},"author":1,"featured_media":13662,"comment_status":"closed","ping_status":"open","sticky":false,"template":"elementor_header_footer","format":"standard","meta":{"footnotes":""},"categories":[70],"tags":[],"class_list":["post-13671","post","type-post","status-publish","format-standard","has-post-thumbnail","hentry","category-noticies-ca"],"_links":{"self":[{"href":"https:\/\/lequia-udg.com\/ca\/wp-json\/wp\/v2\/posts\/13671","targetHints":{"allow":["GET"]}}],"collection":[{"href":"https:\/\/lequia-udg.com\/ca\/wp-json\/wp\/v2\/posts"}],"about":[{"href":"https:\/\/lequia-udg.com\/ca\/wp-json\/wp\/v2\/types\/post"}],"author":[{"embeddable":true,"href":"https:\/\/lequia-udg.com\/ca\/wp-json\/wp\/v2\/users\/1"}],"replies":[{"embeddable":true,"href":"https:\/\/lequia-udg.com\/ca\/wp-json\/wp\/v2\/comments?post=13671"}],"version-history":[{"count":1,"href":"https:\/\/lequia-udg.com\/ca\/wp-json\/wp\/v2\/posts\/13671\/revisions"}],"predecessor-version":[{"id":13672,"href":"https:\/\/lequia-udg.com\/ca\/wp-json\/wp\/v2\/posts\/13671\/revisions\/13672"}],"wp:featuredmedia":[{"embeddable":true,"href":"https:\/\/lequia-udg.com\/ca\/wp-json\/wp\/v2\/media\/13662"}],"wp:attachment":[{"href":"https:\/\/lequia-udg.com\/ca\/wp-json\/wp\/v2\/media?parent=13671"}],"wp:term":[{"taxonomy":"category","embeddable":true,"href":"https:\/\/lequia-udg.com\/ca\/wp-json\/wp\/v2\/categories?post=13671"},{"taxonomy":"post_tag","embeddable":true,"href":"https:\/\/lequia-udg.com\/ca\/wp-json\/wp\/v2\/tags?post=13671"}],"curies":[{"name":"wp","href":"https:\/\/api.w.org\/{rel}","templated":true}]}}