{"id":13967,"date":"2025-03-26T09:11:58","date_gmt":"2025-03-26T09:11:58","guid":{"rendered":"https:\/\/lequia-udg.com\/?p=13967"},"modified":"2025-03-26T08:10:14","modified_gmt":"2025-03-26T08:10:14","slug":"la-udg-i-licra-reben-el-premi-nacional-dinnovacio-a-la-creacio-duna-empresa-de-base-cientifica-per-la-fundacio-decomemb","status":"publish","type":"post","link":"https:\/\/lequia-udg.com\/ca\/2025\/03\/26\/la-udg-i-licra-reben-el-premi-nacional-dinnovacio-a-la-creacio-duna-empresa-de-base-cientifica-per-la-fundacio-decomemb\/","title":{"rendered":"La UdG i l\u2019ICRA reben el Premi Nacional d\u2019Innovaci\u00f3 a la Creaci\u00f3 d\u2019una Empresa de Base Cient\u00edfica per la fundaci\u00f3 d\u2019Ecomemb"},"content":{"rendered":"\t\t<div data-elementor-type=\"wp-post\" data-elementor-id=\"13967\" class=\"elementor elementor-13967\" data-elementor-post-type=\"post\">\n\t\t\t\t\t\t<section class=\"elementor-section elementor-top-section elementor-element elementor-element-1dee09c7 ts-col-stretched-none ts-bg-color-over-image elementor-section-boxed elementor-section-height-default elementor-section-height-default\" data-id=\"1dee09c7\" data-element_type=\"section\">\n\t\t\t\t\t\t<div class=\"elementor-container elementor-column-gap-default\">\n\t\t\t\t\t<div class=\"elementor-column elementor-col-100 elementor-top-column elementor-element elementor-element-3c568b8b ts-bg-color-over-image\" data-id=\"3c568b8b\" data-element_type=\"column\">\n\t\t\t<div class=\"elementor-widget-wrap elementor-element-populated\">\n\t\t\t\t\t\t<div class=\"elementor-element elementor-element-3537f0f7 ts-align-left elementor-widget elementor-widget-ts_heading\" data-id=\"3537f0f7\" data-element_type=\"widget\" data-widget_type=\"ts_heading.default\">\n\t\t\t\t<div class=\"elementor-widget-container\">\n\t\t\t\t\t\t<div class=\"ts-heading-subheading ts-reverse-heading-yes animation-style4\"><h4 class=\"ts-custom-heading ts-custom-subtitle\">\r\n\t\t\t\r\n\t\t\t\tData:  26-03-2025                                                                                                                \r\n\t\t\t\r\n\t\t\t<\/h4>\r\n\t\t<h2 class=\"ts-custom-heading ts-custom-heading-title\">\r\n\t\t\t\r\n\t\t\t\tLa UdG i l\u2019ICRA reben el Premi Nacional d\u2019Innovaci\u00f3 a la Creaci\u00f3 d\u2019una Empresa de Base Cient\u00edfica per la fundaci\u00f3 d\u2019Ecomemb\r\n\t\t\t\r\n\t\t\t<\/h2>\r\n\t\t<\/div>\t\t\t\t<\/div>\n\t\t\t\t<\/div>\n\t\t\t\t\t<\/div>\n\t\t<\/div>\n\t\t\t\t\t<\/div>\n\t\t<\/section>\n\t\t\t\t<section class=\"elementor-section elementor-top-section elementor-element elementor-element-4c48bf36 ts-col-stretched-none ts-bg-color-over-image elementor-section-boxed elementor-section-height-default elementor-section-height-default\" data-id=\"4c48bf36\" data-element_type=\"section\">\n\t\t\t\t\t\t<div class=\"elementor-container elementor-column-gap-default\">\n\t\t\t\t\t<div class=\"elementor-column elementor-col-100 elementor-top-column elementor-element elementor-element-128ccd7e ts-bg-color-over-image\" data-id=\"128ccd7e\" data-element_type=\"column\">\n\t\t\t<div class=\"elementor-widget-wrap elementor-element-populated\">\n\t\t\t\t\t\t<section class=\"elementor-section elementor-inner-section elementor-element elementor-element-4e8a4a6b ts-col-stretched-none ts-bg-color-over-image elementor-section-boxed elementor-section-height-default elementor-section-height-default\" data-id=\"4e8a4a6b\" data-element_type=\"section\">\n\t\t\t\t\t\t<div class=\"elementor-container elementor-column-gap-default\">\n\t\t\t\t\t<div class=\"elementor-column elementor-col-33 elementor-inner-column elementor-element elementor-element-19886a8 ts-bg-color-over-image\" data-id=\"19886a8\" data-element_type=\"column\">\n\t\t\t<div class=\"elementor-widget-wrap elementor-element-populated\">\n\t\t\t\t\t\t<div class=\"elementor-element elementor-element-37be625 elementor-widget elementor-widget-image\" data-id=\"37be625\" data-element_type=\"widget\" data-widget_type=\"image.default\">\n\t\t\t\t<div class=\"elementor-widget-container\">\n\t\t\t\t\t\t\t\t\t\t\t\t\t\t\t\t<a href=\"http:\/\/lequia-udg.com\/wp-content\/uploads\/2024\/01\/Membranas-desechadas-ecomemb-400x300-1.jpg\" data-elementor-open-lightbox=\"yes\" data-elementor-lightbox-title=\"Membranas desechadas ecomemb 400x300\" data-e-action-hash=\"#elementor-action%3Aaction%3Dlightbox%26settings%3DeyJpZCI6OTMwNiwidXJsIjoiaHR0cHM6XC9cL2xlcXVpYS11ZGcuY29tXC93cC1jb250ZW50XC91cGxvYWRzXC8yMDI0XC8wMVwvTWVtYnJhbmFzLWRlc2VjaGFkYXMtZWNvbWVtYi00MDB4MzAwLTEuanBnIn0%3D\">\n\t\t\t\t\t\t\t<img fetchpriority=\"high\" decoding=\"async\" width=\"300\" height=\"225\" src=\"https:\/\/lequia-udg.com\/wp-content\/uploads\/2024\/01\/Membranas-desechadas-ecomemb-400x300-1-300x225.jpg\" class=\"attachment-medium size-medium wp-image-9306\" alt=\"\" srcset=\"https:\/\/lequia-udg.com\/wp-content\/uploads\/2024\/01\/Membranas-desechadas-ecomemb-400x300-1-300x225.jpg 300w, https:\/\/lequia-udg.com\/wp-content\/uploads\/2024\/01\/Membranas-desechadas-ecomemb-400x300-1.jpg 400w\" sizes=\"(max-width: 300px) 100vw, 300px\" \/>\t\t\t\t\t\t\t\t<\/a>\n\t\t\t\t\t\t\t\t\t\t\t\t\t\t\t<\/div>\n\t\t\t\t<\/div>\n\t\t\t\t<div class=\"elementor-element elementor-element-1a72ef40 elementor-widget elementor-widget-text-editor\" data-id=\"1a72ef40\" data-element_type=\"widget\" data-widget_type=\"text-editor.default\">\n\t\t\t\t<div class=\"elementor-widget-container\">\n\t\t\t\t\t\t\t\t\t<p>Membranes d&#8217;osmosi inversa per reciclar<\/p><p><a href=\"http:\/\/Aquests guardons reconeixen i reflecteixen les diverses facetes tant de l\u2019activitat investigadora com de les iniciatives de comunicaci\u00f3 i divulgaci\u00f3 cient\u00edfica, de mecenatge cient\u00edfic i de cooperaci\u00f3 p\u00fablica i privada en projectes d\u2019R+I a Catalunya.\" data-wplink-url-error=\"true\">Not\u00edcia de la UdG<\/a><\/p>\t\t\t\t\t\t\t\t<\/div>\n\t\t\t\t<\/div>\n\t\t\t\t\t<\/div>\n\t\t<\/div>\n\t\t\t\t<div class=\"elementor-column elementor-col-66 elementor-inner-column elementor-element elementor-element-452a423d ts-bg-color-over-image\" data-id=\"452a423d\" data-element_type=\"column\">\n\t\t\t<div class=\"elementor-widget-wrap elementor-element-populated\">\n\t\t\t\t\t\t<div class=\"elementor-element elementor-element-4ffb4b28 elementor-widget elementor-widget-text-editor\" data-id=\"4ffb4b28\" data-element_type=\"widget\" data-widget_type=\"text-editor.default\">\n\t\t\t\t<div class=\"elementor-widget-container\">\n\t\t\t\t\t\t\t\t\t<p><em>Els Premis Nacionals de Recerca reconeixen i reflecteixen l\u2019activitat investigadora i les iniciatives de comunicaci\u00f3 i divulgaci\u00f3 cient\u00edfica, de mecenatge cient\u00edfic i de cooperaci\u00f3 p\u00fablica i privada en projectes d\u2019R+I a Catalunya. Ecomemb S.L. \u00e9s la primera empresa europea especialitzada en la regeneraci\u00f3 de membranes d\u2019osmosi inversa per la seva reutilitzaci\u00f3 en els mateixos processos pels quals van ser dissenyades.<\/em><\/p><p>Fundada el desembre del 2022, <a href=\"https:\/\/www.ecomemb.com\/\">Ecomemb S.L. <\/a>recull i regenera membranes d\u2019osmosi inversa per al tractament d\u2019aigua per tornar-les a utilitzar a la mateixa instal\u00b7laci\u00f3 d\u2019origen o en altres instal\u00b7lacions. Aquest nou paradigma en la gesti\u00f3 de les membranes suposa un aven\u00e7 important per la sostenibilitat ambiental i econ\u00f2mica del proc\u00e9s de dessalinitzaci\u00f3 d\u2019aigua de mar i de diferents tractaments industrials d\u2019aigua de proc\u00e9s, salobre i residual. L\u2019\u00fas de les membranes Ecomemb\u00ae permet estalviar fins a un 60% de les despeses de substituci\u00f3 de les membranes; utilitzar menys energia en la filtraci\u00f3 tot mantenint els mateixos est\u00e0ndards de qualitat de l\u2019aigua; prolongar la vida \u00fatil de la membrana com a m\u00ednim un 50%; i evitar 85,5kg d\u2019emissions CO<sub>2<\/sub> i la generaci\u00f3 12 kg de residus pl\u00e0stics per cada membrana regenerada.<\/p><p>L\u2019augment del nombre de plantes de dessalinitzaci\u00f3 a tot el m\u00f3n fa que l\u2019impacte d\u2019aquesta iniciativa sigui molt gran. \u00a0Les m\u00e9s de 22.000 plantes que actualment hi ha instal\u00b7lades funcionen amb membranes que purifiquen aigua a trav\u00e9s d\u2019un proc\u00e9s d\u2019osmosi inversa i que, un cop utilitzades, es dipositen en abocadors o s\u2019incineren. Es preveu que nom\u00e9s durant l\u2019any 2025 es llen\u00e7aran als abocadors m\u00e9s de 1,5 milions d\u2019aquestes membranes, equivalents a 25.500 tones de pl\u00e0stic.<\/p><p>Ecomemb aplica tecnologia patentada desenvolupada a la Universitat de Girona (UdG) i a l\u2019Institut Catal\u00e0 de Recerca de l\u2019Aigua (ICRA) en el marc de diversos projectes de R+D+I. Actualment est\u00e0 actuant al mercat espanyol i europeu, per\u00f2 preveu expandir-se a curt termini al nord d\u2019\u00c0frica, i focalitzar-se en amb un mercat objectiu total de 25 milions d\u2019Euros anuals. Entre els seus socis fundadors, a m\u00e9s de la UdG i de l\u2019ICRA, hi ha Raquel Garc\u00eda Pacheco, actual CEO de la companyia i investigadora post-doctoral del LEQUIA fins al desembre del 2023 i quatre investigadors actuals del LEQUIA \u2212 Ignasi Rodriguez-Roda Layret i Joaquim Comas Comas, catedr\u00e0tics d\u2019enginyeria qu\u00edmica; H\u00e8ctor Moncl\u00fas Sales, investigador \u201cRam\u00f3n i Cajal\u201d; i Albert Galizia Amoraga, investigador pre-doctoral.<\/p><p>Aquest premi, convocat per la Generalitat de Catalunya mitjan\u00e7ant la Fundaci\u00f3 Catalana per la Recerca, t\u00e9 com a objecte estimular la creaci\u00f3 d\u2019empreses de base cient\u00edfica, recon\u00e8ixer la import\u00e0ncia, impulsar i donar notorietat a la translaci\u00f3 dels resultats de la recerca a la societat, i destacar l\u2019increment del potencial socioecon\u00f2mic i del benestar de la societat mitjan\u00e7ant la formaci\u00f3 d\u2019empreses sorgides de la recerca.<\/p>\t\t\t\t\t\t\t\t<\/div>\n\t\t\t\t<\/div>\n\t\t\t\t\t<\/div>\n\t\t<\/div>\n\t\t\t\t\t<\/div>\n\t\t<\/section>\n\t\t\t\t\t<\/div>\n\t\t<\/div>\n\t\t\t\t\t<\/div>\n\t\t<\/section>\n\t\t\t\t<\/div>\n\t\t","protected":false},"excerpt":{"rendered":"<p>Data: 26-03-2025 La UdG i l\u2019ICRA reben el Premi Nacional d\u2019Innovaci\u00f3 a la Creaci\u00f3 d\u2019una Empresa de Base Cient\u00edfica per la fundaci\u00f3 d\u2019Ecomemb Membranes d&#8217;osmosi inversa per reciclar Not\u00edcia de la UdG Els Premis Nacionals de Recerca reconeixen i reflecteixen l\u2019activitat investigadora i les iniciatives de comunicaci\u00f3 i divulgaci\u00f3 cient\u00edfica, de mecenatge cient\u00edfic i de &hellip; <a href=\"https:\/\/lequia-udg.com\/ca\/2025\/03\/26\/la-udg-i-licra-reben-el-premi-nacional-dinnovacio-a-la-creacio-duna-empresa-de-base-cientifica-per-la-fundacio-decomemb\/\" class=\"more-link\" title=\"Continue reading <span class=\"screen-reader-text\">La UdG i l\u2019ICRA reben el Premi Nacional d\u2019Innovaci\u00f3 a la Creaci\u00f3 d\u2019una Empresa de Base Cient\u00edfica per la fundaci\u00f3 d\u2019Ecomemb<\/span>&#8220;>Continue reading <span class=\"screen-reader-text\">La UdG i l\u2019ICRA reben el Premi Nacional d\u2019Innovaci\u00f3 a la Creaci\u00f3 d\u2019una Empresa de Base Cient\u00edfica per la fundaci\u00f3 d\u2019Ecomemb<\/span><\/a><\/p>\n","protected":false},"author":1,"featured_media":9306,"comment_status":"closed","ping_status":"open","sticky":false,"template":"elementor_header_footer","format":"standard","meta":{"footnotes":""},"categories":[70],"tags":[],"class_list":["post-13967","post","type-post","status-publish","format-standard","has-post-thumbnail","hentry","category-noticies-ca"],"_links":{"self":[{"href":"https:\/\/lequia-udg.com\/ca\/wp-json\/wp\/v2\/posts\/13967","targetHints":{"allow":["GET"]}}],"collection":[{"href":"https:\/\/lequia-udg.com\/ca\/wp-json\/wp\/v2\/posts"}],"about":[{"href":"https:\/\/lequia-udg.com\/ca\/wp-json\/wp\/v2\/types\/post"}],"author":[{"embeddable":true,"href":"https:\/\/lequia-udg.com\/ca\/wp-json\/wp\/v2\/users\/1"}],"replies":[{"embeddable":true,"href":"https:\/\/lequia-udg.com\/ca\/wp-json\/wp\/v2\/comments?post=13967"}],"version-history":[{"count":7,"href":"https:\/\/lequia-udg.com\/ca\/wp-json\/wp\/v2\/posts\/13967\/revisions"}],"predecessor-version":[{"id":14159,"href":"https:\/\/lequia-udg.com\/ca\/wp-json\/wp\/v2\/posts\/13967\/revisions\/14159"}],"wp:featuredmedia":[{"embeddable":true,"href":"https:\/\/lequia-udg.com\/ca\/wp-json\/wp\/v2\/media\/9306"}],"wp:attachment":[{"href":"https:\/\/lequia-udg.com\/ca\/wp-json\/wp\/v2\/media?parent=13967"}],"wp:term":[{"taxonomy":"category","embeddable":true,"href":"https:\/\/lequia-udg.com\/ca\/wp-json\/wp\/v2\/categories?post=13967"},{"taxonomy":"post_tag","embeddable":true,"href":"https:\/\/lequia-udg.com\/ca\/wp-json\/wp\/v2\/tags?post=13967"}],"curies":[{"name":"wp","href":"https:\/\/api.w.org\/{rel}","templated":true}]}}